{"id":11604,"date":"2013-10-21T22:59:24","date_gmt":"2013-10-21T21:59:24","guid":{"rendered":"http:\/\/touk.pl\/blog\/?p=11604"},"modified":"2023-03-20T15:09:21","modified_gmt":"2023-03-20T14:09:21","slug":"polski-znajdz-nas-na-targach-pracy-i-praktyk","status":"publish","type":"post","link":"https:\/\/touk.pl\/blog\/2013\/10\/21\/polski-znajdz-nas-na-targach-pracy-i-praktyk\/","title":{"rendered":"Znajd\u017a nas na targach pracy i praktyk"},"content":{"rendered":"<p>Byli\u015bmy dzi\u015b i czekamy na Was tak\u017ce jutro na Targach Pracy i Praktyk dla Elektronik\u00f3w i Informatyk\u00f3w.<\/p>\n<p>Zapraszamy na nasze stoisko, na kt\u00f3rym mo\u017cecie zapyta\u0107 wprost o wszystkie interesuj\u0105ce Was fakty dotycz\u0105ce pracy w TouK: od projekt\u00f3w, kt\u00f3re realizujemy, przez system wynagrodze\u0144, po mo\u017cliwo\u015bci dojazdu z uczelni.<\/p>\n<p>Targi odbywaj\u0105 si\u0119 tradycyjnie na Wydziale Elektroniki i Technik Informacyjnych Politechniki Warszawskiej, tj. przy placu Politechniki (dok\u0142adnie: przy ul. Nowowiejskiej 15\/19). Zd\u0105\u017cyli\u015bmy ju\u017c polubi\u0107 t\u0119 organizowan\u0105 dwa razy do roku imprez\u0119, a w naszym zespole systematycznie przybywa absolwent\u00f3w i student\u00f3w tego wydzia\u0142u. Mamy nadzieje, \u017ce tak b\u0119dzie i tym razem. Prowadzimy nieustann\u0105 rekrutacj\u0119, co w praktyce oznacza, \u017ce zawsze jeste\u015bmy otwarci na dobrych pracownik\u00f3w. Szukamy ich tak\u017ce podczas targ\u00f3w.<\/p>\n<p>Do zobaczenia!<\/p>\n","protected":false},"excerpt":{"rendered":"Byli\u015bmy dzi\u015b i czekamy na Was tak\u017ce jutro na Targach Pracy i Praktyk dla Elektronik\u00f3w i Informatyk\u00f3w. Zapraszamy&hellip;\n","protected":false},"author":21,"featured_media":0,"comment_status":"open","ping_status":"open","sticky":false,"template":"","format":"standard","meta":{"footnotes":""},"categories":[238],"tags":[210,219],"class_list":{"0":"post-11604","1":"post","2":"type-post","3":"status-publish","4":"format-standard","6":"category-news-events","7":"tag-recruitment","8":"tag-targi-pracy"},"_links":{"self":[{"href":"https:\/\/touk.pl\/blog\/wp-json\/wp\/v2\/posts\/11604","targetHints":{"allow":["GET"]}}],"collection":[{"href":"https:\/\/touk.pl\/blog\/wp-json\/wp\/v2\/posts"}],"about":[{"href":"https:\/\/touk.pl\/blog\/wp-json\/wp\/v2\/types\/post"}],"author":[{"embeddable":true,"href":"https:\/\/touk.pl\/blog\/wp-json\/wp\/v2\/users\/21"}],"replies":[{"embeddable":true,"href":"https:\/\/touk.pl\/blog\/wp-json\/wp\/v2\/comments?post=11604"}],"version-history":[{"count":4,"href":"https:\/\/touk.pl\/blog\/wp-json\/wp\/v2\/posts\/11604\/revisions"}],"predecessor-version":[{"id":15422,"href":"https:\/\/touk.pl\/blog\/wp-json\/wp\/v2\/posts\/11604\/revisions\/15422"}],"wp:attachment":[{"href":"https:\/\/touk.pl\/blog\/wp-json\/wp\/v2\/media?parent=11604"}],"wp:term":[{"taxonomy":"category","embeddable":true,"href":"https:\/\/touk.pl\/blog\/wp-json\/wp\/v2\/categories?post=11604"},{"taxonomy":"post_tag","embeddable":true,"href":"https:\/\/touk.pl\/blog\/wp-json\/wp\/v2\/tags?post=11604"}],"curies":[{"name":"wp","href":"https:\/\/api.w.org\/{rel}","templated":true}]}}